{"id":9355,"date":"2023-12-06T09:29:15","date_gmt":"2023-12-06T14:29:15","guid":{"rendered":"https:\/\/facing.udenar.edu.co\/?p=9355"},"modified":"2023-12-12T15:23:19","modified_gmt":"2023-12-12T20:23:19","slug":"historia-sistemas","status":"publish","type":"post","link":"https:\/\/facing.udenar.edu.co\/index.php\/2023\/12\/06\/historia-sistemas\/","title":{"rendered":"Historia del Departamento de Sistemas"},"content":{"rendered":"\t\t<div data-elementor-type=\"wp-post\" data-elementor-id=\"9355\" class=\"elementor elementor-9355\">\n\t\t\t\t\t\t\t\t\t<section class=\"elementor-section elementor-top-section elementor-element elementor-element-2d29033 elementor-section-boxed elementor-section-height-default elementor-section-height-default\" data-id=\"2d29033\" data-element_type=\"section\">\n\t\t\t\t\t\t<div class=\"elementor-container elementor-column-gap-default\">\n\t\t\t\t\t<div class=\"elementor-column elementor-col-100 elementor-top-column elementor-element elementor-element-329260a\" data-id=\"329260a\" data-element_type=\"column\">\n\t\t\t<div class=\"elementor-widget-wrap elementor-element-populated\">\n\t\t\t\t\t\t\t\t<div class=\"elementor-element elementor-element-38744a7 elementor-widget elementor-widget-heading\" data-id=\"38744a7\" data-element_type=\"widget\" data-widget_type=\"heading.default\">\n\t\t\t\t<div class=\"elementor-widget-container\">\n\t\t\t<h2 class=\"elementor-heading-title elementor-size-default\">Rese\u00f1a Hist\u00f3rica Departamento de Sistemas<\/h2>\t\t<\/div>\n\t\t\t\t<\/div>\n\t\t\t\t<div class=\"elementor-element elementor-element-acb3665 elementor-widget elementor-widget-spacer\" data-id=\"acb3665\" data-element_type=\"widget\" data-widget_type=\"spacer.default\">\n\t\t\t\t<div class=\"elementor-widget-container\">\n\t\t\t\t\t<div class=\"elementor-spacer\">\n\t\t\t<div class=\"elementor-spacer-inner\"><\/div>\n\t\t<\/div>\n\t\t\t\t<\/div>\n\t\t\t\t<\/div>\n\t\t\t\t\t<\/div>\n\t\t<\/div>\n\t\t\t\t\t\t\t<\/div>\n\t\t<\/section>\n\t\t\t\t<section class=\"elementor-section elementor-top-section elementor-element elementor-element-895d32e elementor-section-boxed elementor-section-height-default elementor-section-height-default\" data-id=\"895d32e\" data-element_type=\"section\">\n\t\t\t\t\t\t<div class=\"elementor-container elementor-column-gap-default\">\n\t\t\t\t\t<div class=\"elementor-column elementor-col-100 elementor-top-column elementor-element elementor-element-745207d\" data-id=\"745207d\" data-element_type=\"column\">\n\t\t\t<div class=\"elementor-widget-wrap elementor-element-populated\">\n\t\t\t\t\t\t\t\t<div class=\"elementor-element elementor-element-f3a8f8d elementor-widget__width-initial elementor-widget elementor-widget-text-editor\" data-id=\"f3a8f8d\" data-element_type=\"widget\" data-widget_type=\"text-editor.default\">\n\t\t\t\t<div class=\"elementor-widget-container\">\n\t\t\t\t\t\t\t<p>El Programa de Ingenier\u00eda de Sistemas naci\u00f3 en la Facultad de Ingenier\u00eda de la Universidad de Nari\u00f1o, por acuerdo conjunto del Consejo Superior y del Consejo Acad\u00e9mico No. 093 del 29 de junio de 1993, se lo registr\u00f3 ante el Instituto Colombiano para el Fomento de la Ecuaci\u00f3n Superior &#8211; ICFES bajo el No. 120640030005200111101, en ese mismo a\u00f1o se consolida el Departamento de Sistemas, proyectado para incluir programas con nivel de formaci\u00f3n en pregrado y posgrado, con perfiles profesionales afines a las Ciencias de la Computaci\u00f3n.<\/p><p>\u00a0<\/p><p>\u00a0El programa de Ingenier\u00eda de Sistemas, inicia su primera cohorte el 27 de julio de 1993 en la ciudad de Pasto, con admisiones semestrales por 3 cohortes consecutivas. Desde el a\u00f1o 1995 por pol\u00edticas internas de la Universidad su admisi\u00f3n pasa a ser anualizada.<\/p><p>\u00a0<\/p><p>\u00a0Por otra parte, la Universidad de Nari\u00f1o, acorde con sus principios institucionales, su misi\u00f3n, su visi\u00f3n y su compromiso con la regi\u00f3n, establece convenios con las alcald\u00edas de los principales municipios del Departamento de Nari\u00f1o, para la oferta de diferentes programas acad\u00e9micos acorde con los estudios de pertinencia acad\u00e9mica adelantados por la Instituci\u00f3n en cada regi\u00f3n, lo que permite que el programa de Ingenier\u00eda de Sistemas inicie actividades acad\u00e9micas en los municipios de:<\/p><p>\u00a0Ipiales, desde el a\u00f1o de 1995 hasta la fecha<\/p><p>Tumaco, desde 1995 hasta la fecha<\/p><p>T\u00faquerres, desde 1997 hasta 2009, con un total de 6 cohortes.\u00a0<\/p><p>San Pablo, una cohorte en el periodo 1997-B<\/p><p>La Cruz, una cohorte en el periodo acad\u00e9mico 2007-A<\/p><p>Samaniego, una cohorte en el periodo acad\u00e9mico 2007-A<\/p><p>La Uni\u00f3n, una cohorte en el periodo acad\u00e9mico 2010-A<\/p><p>\u00a0<\/p><p>En estos municipios, el proceso de formaci\u00f3n se desarrollaba durante los cuatro primeros semestres, cubriendo los componentes de formaci\u00f3n b\u00e1sicos en ingenier\u00eda. Desde el quinto semestre en adelante, los estudiantes se trasladaban a la ciudad de Pasto, para cumplir con los componentes de formaci\u00f3n transversales y disciplinares, y as\u00ed obtener su titulaci\u00f3n profesional.<\/p><p>\u00a0<\/p><p>\u00a0La primera renovaci\u00f3n de registro calificado, fue otorgada mediante resoluci\u00f3n n\u00famero 982 del Ministerio de Educaci\u00f3n Nacional, por 7 a\u00f1os desde el 13 de mayo de 2003, a la sede principal.<\/p><p>\u00a0<\/p><p>El programa de Ingenier\u00eda de Sistemas, obtuvo su primera acreditaci\u00f3n en alta calidad bajo resoluci\u00f3n 6797 de 6 de agosto de 2010 emanada por el Ministerio de Educaci\u00f3n Nacional \u2013 MEN, durante cuatro a\u00f1os; derivado de este proceso el MEN, confiere la programa acad\u00e9mico, la distinci\u00f3n Nacional denominada \u201cOrden a la Educaci\u00f3n Superior y a la Fe P\u00fablica Luis L\u00f3pez de Meza\u201d, otorgada el 13 de diciembre de 2010, como un reconocimiento al trabajo, a la metodolog\u00eda, al esfuerzo y dedicaci\u00f3n, lo que permiti\u00f3 que la Universidad de Nari\u00f1o, institucionalice el marco de trabajo y el software de soporte.<\/p><p>\u00a0<\/p><p>Con base en este reconocimiento de acreditaci\u00f3n en alta calidad, se continu\u00f3 con dos programas acad\u00e9micos en los municipios de Ipiales y Tumaco, con registros calificados extendidos. Para el caso de Tumaco, se formaliz\u00f3 el Registro Calificado Extendido mediante Resoluci\u00f3n No. 1116 del 09 de febrero de 2012 del MEN, por una vigencia de siete a\u00f1os, contados a partir de la fecha de expedici\u00f3n; para el caso de Ipiales, se formaliz\u00f3 el Registro Calificado Extendido mediante Resoluci\u00f3n No. 1117 del 9 de febrero del 2012 del MEN, por una vigencia de siete a\u00f1os, contados a partir de la fecha de expedici\u00f3n.\u00a0<\/p><p>\u00a0<\/p><p>\u00a0En el a\u00f1o 2014, se trata de renovar la acreditaci\u00f3n en alta calidad, pero no se logra debido a que el proceso de autoevaluaci\u00f3n incluy\u00f3 los tres municipios donde se encuentra en funcionamiento el programa de Ingenier\u00eda de Sistemas, que a esa fecha eran: Pasto, Ipiales y Tumaco. Para ello el Consejo Nacional de Acreditaci\u00f3n \u2013 CNA dispuso de 5 d\u00edas para la evaluaci\u00f3n externa con pares acad\u00e9micos, del 15 al 19 de septiembre de 2014, en donde no se pudo hacer visita al municipio de Tumaco por cierres en la v\u00eda derivada de problemas de orden p\u00fablico.<\/p><p>\u00a0<\/p><p>Para tener m\u00e1s posibilidades en la Renovaci\u00f3n de Acreditaci\u00f3n en Alta Calidad del programa de Ingenier\u00eda de Sistemas en el municipio de Pasto, se procede a establecer equipos de trabajo para obtener los nuevos registros calificados para Ipiales y Tumaco, de tal manera que queden totalmente independientes, dando por terminado los registros extendidos y de esa manera trabajar en el proceso de acreditaci\u00f3n exclusivamente para Pasto.<\/p><p>\u00a0<\/p><p>En consecuencia, el Programa de Ingenier\u00eda de Sistemas organiza y documenta evidencias que representan una serie de avances en procesos acad\u00e9micos, organizacionales, investigativos y de proyecci\u00f3n social, que reconfirmen la alta calidad. Cabe destacar que en este proceso trabaj\u00f3 intensamente en planes de mejoramiento tales como la reforma curricular, el sistema de seguimiento a egresados, implementaci\u00f3n de sistemas de informaci\u00f3n acad\u00e9micos, formulaci\u00f3n e implementaci\u00f3n de especializaciones, participaci\u00f3n en convenios interinstitucionales, participaci\u00f3n y gesti\u00f3n de seminarios, fortalecimiento de los grupos de investigaci\u00f3n y capacitaci\u00f3n docente entre otros, obteniendo los siguientes resultados:<\/p><p>\u00a0En primera instancia renueva el Registro Calificado exclusivo para el municipio de Pasto en el a\u00f1o de 2017, y se logra renovar la Acreditaci\u00f3n en Alta Calidad el 17 de Julio de 2018, por 6 a\u00f1os, mediante resoluci\u00f3n del MEN No. 11570. Este acto administrativo permite la renovaci\u00f3n del Registro por oficio para 7 a\u00f1os, a partir de la fecha de resoluci\u00f3n de acreditaci\u00f3n.<\/p><p>Por otra parte adelant\u00f3 la obtenci\u00f3n de un nuevo Registro Calificado totalmente independiente para continuar ofreciendo el programa de Ingenier\u00eda de Sistemas en Ipiales y Tumaco que permita culminar la carrera profesional en 10 semestres; este proceso culmin\u00f3 con la obtenci\u00f3n del nuevo Registro Calificado otorgado por el MEN mediante Resoluci\u00f3n No. 7175 del 10 de julio de 2019 para el municipio de Tumaco y Resoluci\u00f3n No. 9350 del 2 de septiembre del 2019, por siete a\u00f1os, con un plan de estudios de 167 cr\u00e9ditos.\u00a0\u00a0<\/p><p>El programa de Ingenier\u00eda de Sistemas cuenta con 1218 egresados hasta el periodo A de 2023, de los cuales han logrado posicionarse en campos laborales acorde a su perfil profesional y contin\u00faa en este proceso de formaci\u00f3n, forjando nuevos programas acad\u00e9micos en postgrado, como lo son: la Maestr\u00eda en Ingenier\u00eda de Sistemas y Computaci\u00f3n, la Maestr\u00eda en Tecnolog\u00edas de la Informaci\u00f3n y del Conocimiento, y la Especializaci\u00f3n en Construcci\u00f3n de Software.<\/p><p>\u00a0<\/p><p>El Departamento de Sistemas tiene adscritos dos grupos de investigaci\u00f3n, que permitieron dar soporte a la creaci\u00f3n de las maestr\u00edas, a saber, son:<\/p><p>\u00a0El Grupo de investigaci\u00f3n Galeras.NET: grupo con reconocimiento y aval institucional, fundado en el a\u00f1o 2004, clasificado en categor\u00eda C seg\u00fan la convocatoria 894 de 2021 de MINCIENCIAS.<\/p><p>\u00a0Cuenta con las siguientes l\u00edneas de investigaci\u00f3n:<\/p><ul><li>Ciencias de la Computaci\u00f3n<\/li><li>Algoritmia y programaci\u00f3n<\/li><li>Optimizaci\u00f3n de Sistemas e Investigaci\u00f3n de Operaciones<\/li><li>Ingenier\u00eda de Software<\/li><li>Tecnolog\u00eda de la Informaci\u00f3n<\/li><li>IOT<\/li><li>HCI<\/li><li>Desarrollo de Videojuegos<\/li><li>TIC en Educaci\u00f3n<\/li><\/ul><p>El Grupo de investigaci\u00f3n GRIAS: grupo con reconocimiento y aval institucional, fundado en el a\u00f1o2002, clasificado en categor\u00eda B seg\u00fan la convocatoria 894 de 2021 de MINCIENCIAS.<\/p><p>Cuenta con las siguientes l\u00edneas de investigaci\u00f3n:<\/p><ul><li>Desarrollo de software<\/li><li>Descubrimiento de conocimiento en bases de datos<\/li><li>Herramientas y sistemas de gesti\u00f3n de conocimiento y recuperaci\u00f3n de informaci\u00f3n<\/li><li>Ingenier\u00eda y educaci\u00f3n<\/li><li>Inteligencia de negocios<\/li><li>Sistemas georreferenciados y herramientas<\/li><li>Sistemas telem\u00e1ticos<\/li><\/ul>\t\t\t\t\t\t<\/div>\n\t\t\t\t<\/div>\n\t\t\t\t<div class=\"elementor-element elementor-element-082d8a1 elementor-widget elementor-widget-spacer\" data-id=\"082d8a1\" data-element_type=\"widget\" data-widget_type=\"spacer.default\">\n\t\t\t\t<div class=\"elementor-widget-container\">\n\t\t\t\t\t<div class=\"elementor-spacer\">\n\t\t\t<div class=\"elementor-spacer-inner\"><\/div>\n\t\t<\/div>\n\t\t\t\t<\/div>\n\t\t\t\t<\/div>\n\t\t\t\t<div class=\"elementor-element elementor-element-df5264e elementor-align-center elementor-widget elementor-widget-the7_button_widget\" data-id=\"df5264e\" data-element_type=\"widget\" data-widget_type=\"the7_button_widget.default\">\n\t\t\t\t<div class=\"elementor-widget-container\">\n\t\t\t<div class=\"elementor-button-wrapper\"><a href=\"https:\/\/facing.udenar.edu.co\/index.php\/sistemas\/\" class=\"box-button elementor-button elementor-size-xs\">Regresar<\/a><\/div>\t\t<\/div>\n\t\t\t\t<\/div>\n\t\t\t\t\t<\/div>\n\t\t<\/div>\n\t\t\t\t\t\t\t<\/div>\n\t\t<\/section>\n\t\t\t\t\t\t\t<\/div>\n\t\t","protected":false},"excerpt":{"rendered":"<p>Rese\u00f1a Hist\u00f3rica Departamento de Sistemas El Programa de Ingenier\u00eda de Sistemas naci\u00f3 en la Facultad de Ingenier\u00eda de la Universidad de Nari\u00f1o, por acuerdo conjunto del Consejo Superior y del Consejo Acad\u00e9mico No. 093 del 29 de junio de 1993, se lo registr\u00f3 ante el Instituto Colombiano para el Fomento de la Ecuaci\u00f3n Superior &#8211;&hellip;<\/p>\n<div class=\"pvc_clear\"><\/div>\n<p id=\"pvc_stats_9355\" class=\"pvc_stats total_only  \" data-element-id=\"9355\" style=\"\"><i class=\"pvc-stats-icon large\" aria-hidden=\"true\"><svg aria-hidden=\"true\" focusable=\"false\" data-prefix=\"far\" data-icon=\"chart-bar\" role=\"img\" xmlns=\"http:\/\/www.w3.org\/2000\/svg\" viewBox=\"0 0 512 512\" class=\"svg-inline--fa fa-chart-bar fa-w-16 fa-2x\"><path fill=\"currentColor\" d=\"M396.8 352h22.4c6.4 0 12.8-6.4 12.8-12.8V108.8c0-6.4-6.4-12.8-12.8-12.8h-22.4c-6.4 0-12.8 6.4-12.8 12.8v230.4c0 6.4 6.4 12.8 12.8 12.8zm-192 0h22.4c6.4 0 12.8-6.4 12.8-12.8V140.8c0-6.4-6.4-12.8-12.8-12.8h-22.4c-6.4 0-12.8 6.4-12.8 12.8v198.4c0 6.4 6.4 12.8 12.8 12.8zm96 0h22.4c6.4 0 12.8-6.4 12.8-12.8V204.8c0-6.4-6.4-12.8-12.8-12.8h-22.4c-6.4 0-12.8 6.4-12.8 12.8v134.4c0 6.4 6.4 12.8 12.8 12.8zM496 400H48V80c0-8.84-7.16-16-16-16H16C7.16 64 0 71.16 0 80v336c0 17.67 14.33 32 32 32h464c8.84 0 16-7.16 16-16v-16c0-8.84-7.16-16-16-16zm-387.2-48h22.4c6.4 0 12.8-6.4 12.8-12.8v-70.4c0-6.4-6.4-12.8-12.8-12.8h-22.4c-6.4 0-12.8 6.4-12.8 12.8v70.4c0 6.4 6.4 12.8 12.8 12.8z\" class=\"\"><\/path><\/svg><\/i> <img loading=\"lazy\" decoding=\"async\" width=\"16\" height=\"16\" alt=\"Loading\" src=\"https:\/\/facing.udenar.edu.co\/wp-content\/plugins\/page-views-count\/ajax-loader-2x.gif\" border=0 \/><\/p>\n<div class=\"pvc_clear\"><\/div>\n","protected":false},"author":2,"featured_media":0,"comment_status":"open","ping_status":"open","sticky":false,"template":"elementor_canvas","format":"standard","meta":{"footnotes":""},"categories":[78],"tags":[],"_links":{"self":[{"href":"https:\/\/facing.udenar.edu.co\/index.php\/wp-json\/wp\/v2\/posts\/9355"}],"collection":[{"href":"https:\/\/facing.udenar.edu.co\/index.php\/wp-json\/wp\/v2\/posts"}],"about":[{"href":"https:\/\/facing.udenar.edu.co\/index.php\/wp-json\/wp\/v2\/types\/post"}],"author":[{"embeddable":true,"href":"https:\/\/facing.udenar.edu.co\/index.php\/wp-json\/wp\/v2\/users\/2"}],"replies":[{"embeddable":true,"href":"https:\/\/facing.udenar.edu.co\/index.php\/wp-json\/wp\/v2\/comments?post=9355"}],"version-history":[{"count":11,"href":"https:\/\/facing.udenar.edu.co\/index.php\/wp-json\/wp\/v2\/posts\/9355\/revisions"}],"predecessor-version":[{"id":9641,"href":"https:\/\/facing.udenar.edu.co\/index.php\/wp-json\/wp\/v2\/posts\/9355\/revisions\/9641"}],"wp:attachment":[{"href":"https:\/\/facing.udenar.edu.co\/index.php\/wp-json\/wp\/v2\/media?parent=9355"}],"wp:term":[{"taxonomy":"category","embeddable":true,"href":"https:\/\/facing.udenar.edu.co\/index.php\/wp-json\/wp\/v2\/categories?post=9355"},{"taxonomy":"post_tag","embeddable":true,"href":"https:\/\/facing.udenar.edu.co\/index.php\/wp-json\/wp\/v2\/tags?post=9355"}],"curies":[{"name":"wp","href":"https:\/\/api.w.org\/{rel}","templated":true}]}}